{"id":766,"date":"2025-03-06T16:41:50","date_gmt":"2025-03-06T15:41:50","guid":{"rendered":"https:\/\/gzcerknica.si\/?p=766"},"modified":"2025-03-06T16:53:25","modified_gmt":"2025-03-06T15:53:25","slug":"v-gasilski-zvezi-cerknica-ni-zatisja","status":"publish","type":"post","link":"https:\/\/gzcerknica.si\/?p=766","title":{"rendered":"V Gasilski zvezi Cerknica ni zati\u0161ja"},"content":{"rendered":"\n<p>\u010ceprav bi se morda pri\u010dakovalo, da se dogajanje v zimskem \u010dasu umiri, pa v Gasilski zvezi Cerknica ni ni\u010desar, kar bi nakazovalo na zati\u0161je. Tudi februar je bil zelo aktiven mesec, saj so se nadaljevali ob\u010dni zbori, te\u010daji, usposabljanja in priprave na praznovanje, ob 70- letnici Gasilske zveze Cerknica. <\/p>\n\n\n\n<p>Eden od osrednjih dogodkov je bil zaklju\u010dek te\u010daja za bolni\u010darja, ki ga je organiziral Rde\u010di kri\u017e Cerknica, katerega so obiskovali tudi gasilci GZ Cerknica. Te\u010daja se je udele\u017eilo pribli\u017eno 30 te\u010dajnikov. Sedaj imamo v svojih vrstah kar nekaj izku\u0161enih gasilcev, ki bodo na intervencijah nudili prvo pomo\u010d. Po besedah Marcelja Petri\u010da iz PGD Begunje pri Cerknici je bil te\u010daj zelo zanimiv in pou\u010den. &#8220;Potekal je v ve\u010d fazah \u2013 najprej smo imeli en vikend namenjen teoreti\u010dnim predavanjem, nato smo en vikend izvajali prakti\u010dne vaje, potem pa smo se osredoto\u010dili na ponavljanje razli\u010dnih scenarijev in postopkov ukrepanja. Od tega te\u010daja sem odnesel ogromno koristnega znanja o prvi pomo\u010di, kar mi pomeni veliko. Z njegovo pomo\u010djo sem nadgradil svoje sposobnosti in pridobil ve\u010d samozavesti pri nudenju pomo\u010di ljudem v stiski. Zdaj se po\u010dutim bolj suverenega pri odzivanju na razli\u010dne situacije, kjer je hitra in pravilna reakcija klju\u010dnega pomena. Za te\u010daj sem se odlo\u010dil, ker verjamem, da je znanje prve pomo\u010di izjemno pomembno. \u017delim biti pripravljen pomagati so\u010dloveku v nujnih primerih, saj nikoli ne vemo, kdaj se bomo zna\u0161li v situaciji, kjer je hitro ukrepanje lahko odlo\u010dilno&#8221;.<\/p>\n\n\n\n<p>Februar je prinesel tudi uspe\u0161en zaklju\u010dek te\u010daja za Operativnega gasilca, ki je potekal v lanskem letu in se zaklju\u010dil z izpitom, ki so ga opravili vsi udele\u017eenci. \u010cestitamo jim in se veselimo novih, nadobudnih gasilcev, ki bodo z novim znanjem pripomogli k \u0161e bolj u\u010dinkovitem delovanju na\u0161ih gasilskih enot. <\/p>\n\n\n\n<p>Zaklju\u010dil se je tudi te\u010daj za Ni\u017ejega gasilskega \u010dastnika &#8211;  NG\u010c, ki je potekal v Lo\u0161ki dolini, katerega so se udele\u017eile tri gasilke iz PGD Ivanje selo in en gasilec iz PGD Cerknica. Sedaj jih \u010daka samo \u0161e zagovor seminarske naloge in teoreti\u010dni preizkus pred komisijo Gasilske zveze Slovenije (GZS), nato pa \u0161e prakti\u010dni preizkus, ki bo potekal na Izobra\u017eevalnem centru za za\u0161\u010dito in re\u0161evanje (ICZR) na Igu. <\/p>\n\n\n\n<p>Prejeli smo tudi \u017ee te\u017eko pri\u010dakovane rezultate sprejemnega testiranja za te\u010daj Vi\u0161jega gasilskega \u010dastnika  &#8211; VG\u010c za leto 2025. Sergej Trebec iz PGD Rakek je opravil testiranje, kar mu omogo\u010da nadaljevanje izobra\u017eevanje na vi\u0161ji ravni. Ne smemo pozabiti tudi na na\u0161e najmlaj\u0161e \u010dlane, ki so se izobra\u017eevali v okviru te\u010daja Pionir I. Te\u010daj je v PGD Begunje pri Cerknici uspe\u0161no zaklju\u010dilo 10 mladih gasilcev. <\/p>\n\n\n\n<p>Nadaljujejo se tudi aktivnosti za na\u0161 jubilej, ob 70 &#8211; letnici GZ Cerknica. Zaklju\u010duje se priprava biltena, hkrati pa potekajo tudi druge aktivnosti, potrebne za obele\u017eitev te prelomne obletnice, ki jo bomo slavili maja letos. <\/p>\n\n\n\n<p>Na podro\u010dju informatike je novost nova razli\u010dica informacijskega programa za gasilce \u2013 Vulkan 4. Predstavitev se je udele\u017eila tajnica GZ Cerknica Lucija Milavec in nam takoj \u017ee v naslednjem tednu predstavila novosti informacijskega programa. Predstavitve so se udele\u017eili predsedniki, poveljniki in administratorji v posameznih PGD-jih. Novi program prina\u0161a nekaj novosti, ki nam bodo olaj\u0161ale delo. <\/p>\n\n\n\n<p>Predsednice komisij za \u010dlanice so se letos prvi\u010d dobile, da so pogledale nazaj na lansko leto ter si postavile nove cilje za leto 2025. V jesenskem \u010dasu nas \u010daka organizacija Posveta \u010dlanic Notranjske regije, ki bo potekala v organizaciji na\u0161e zveze. <\/p>\n\n\n\n<p>Z veseljem smo spremljali udele\u017ebo \u010dlanic PGD Nova vas na Blokah in \u010dlanov me\u0161ane ekipe PGD Rakek na tekmovanju v spajanju sesalnega voda (SVV), ki je potekalo v organizaciji GZ Vrhnika. Potekajo tudi \u017ee priprave za Ob\u010dinski kviz, ki bo letos potekal v organizaciji GZ Lo\u0161ka dolina. Seveda bodo tudi \u010dlani iz GZ Cerknica pomemben del tega tekmovanja. Mladina se prav tako \u017ee pripravlja na kviz, ki bo prilo\u017enost za izkazovanje znanja in sodelovanja. Komaj \u010dakamo, da se mladi gasilci zberejo na enem mestu in poka\u017eejo svoje znanje. <\/p>\n\n\n\n<p>Ob vsem tem ne smemo spregledati, da je februar pokazal, kako \u010dlanice in \u010dlani posameznih dru\u0161tev nenehno izpopolnjujejo svoje znanje, razvijajo nove ve\u0161\u010dine in se pripravljajo na prihodnje izzive, kjer bodo imeli prilo\u017enost pokazati svojo hitro in u\u010dinkovito odzivnost.<\/p>\n\n\n\n<p>Avtor: Klara Otoni\u010dar  <\/p>\n\n\n\n\n\n<figure class=\"wp-block-image size-large\"><img loading=\"lazy\" decoding=\"async\" width=\"729\" height=\"1024\" src=\"https:\/\/gzcerknica.si\/wp-content\/uploads\/2025\/03\/1000013225-1-729x1024.png\" alt=\"\" class=\"wp-image-769\" srcset=\"https:\/\/gzcerknica.si\/wp-content\/uploads\/2025\/03\/1000013225-1-729x1024.png 729w, https:\/\/gzcerknica.si\/wp-content\/uploads\/2025\/03\/1000013225-1-214x300.png 214w, https:\/\/gzcerknica.si\/wp-content\/uploads\/2025\/03\/1000013225-1-768x1079.png 768w, https:\/\/gzcerknica.si\/wp-content\/uploads\/2025\/03\/1000013225-1-1093x1536.png 1093w, https:\/\/gzcerknica.si\/wp-content\/uploads\/2025\/03\/1000013225-1.png 1364w\" sizes=\"auto, (max-width: 729px) 100vw, 729px\" \/><\/figure>\n","protected":false},"excerpt":{"rendered":"<p>\u010ceprav bi se morda pri\u010dakovalo, da se dogajanje v zimskem \u010dasu umiri, pa v Gasilski zvezi Cerknica ni ni\u010desar, kar bi nakazovalo na zati\u0161je. Tudi februar je bil zelo aktiven mesec, saj so se nadaljevali ob\u010dni zbori, te\u010daji, usposabljanja in priprave na praznovanje, ob 70- letnici Gasilske zveze Cerknica. Eden od osrednjih dogodkov je bil [&hellip;]<\/p>\n","protected":false},"author":5,"featured_media":725,"comment_status":"closed","ping_status":"closed","sticky":false,"template":"","format":"standard","meta":{"footnotes":""},"categories":[1],"tags":[],"class_list":["post-766","post","type-post","status-publish","format-standard","has-post-thumbnail","hentry","category-novice"],"_links":{"self":[{"href":"https:\/\/gzcerknica.si\/index.php?rest_route=\/wp\/v2\/posts\/766","targetHints":{"allow":["GET"]}}],"collection":[{"href":"https:\/\/gzcerknica.si\/index.php?rest_route=\/wp\/v2\/posts"}],"about":[{"href":"https:\/\/gzcerknica.si\/index.php?rest_route=\/wp\/v2\/types\/post"}],"author":[{"embeddable":true,"href":"https:\/\/gzcerknica.si\/index.php?rest_route=\/wp\/v2\/users\/5"}],"replies":[{"embeddable":true,"href":"https:\/\/gzcerknica.si\/index.php?rest_route=%2Fwp%2Fv2%2Fcomments&post=766"}],"version-history":[{"count":2,"href":"https:\/\/gzcerknica.si\/index.php?rest_route=\/wp\/v2\/posts\/766\/revisions"}],"predecessor-version":[{"id":770,"href":"https:\/\/gzcerknica.si\/index.php?rest_route=\/wp\/v2\/posts\/766\/revisions\/770"}],"wp:featuredmedia":[{"embeddable":true,"href":"https:\/\/gzcerknica.si\/index.php?rest_route=\/wp\/v2\/media\/725"}],"wp:attachment":[{"href":"https:\/\/gzcerknica.si\/index.php?rest_route=%2Fwp%2Fv2%2Fmedia&parent=766"}],"wp:term":[{"taxonomy":"category","embeddable":true,"href":"https:\/\/gzcerknica.si\/index.php?rest_route=%2Fwp%2Fv2%2Fcategories&post=766"},{"taxonomy":"post_tag","embeddable":true,"href":"https:\/\/gzcerknica.si\/index.php?rest_route=%2Fwp%2Fv2%2Ftags&post=766"}],"curies":[{"name":"wp","href":"https:\/\/api.w.org\/{rel}","templated":true}]}}