{"id":663,"date":"2025-01-26T17:02:30","date_gmt":"2025-01-26T16:02:30","guid":{"rendered":"https:\/\/gzcerknica.si\/?p=663"},"modified":"2025-01-26T17:03:06","modified_gmt":"2025-01-26T16:03:06","slug":"novi-bolnicarji-v-nasih-vrstah","status":"publish","type":"post","link":"https:\/\/gzcerknica.si\/?p=663","title":{"rendered":"Novi bolni\u010darji v na\u0161ih vrstah"},"content":{"rendered":"\n<p>Ta vikend se je zaklju\u010dil 45-urni te\u010daj za bolni\u010darja, katerega so se udele\u017eili \u010dlani PGD-jev v okviru GZ Cerknica. Po uspe\u0161no zaklju\u010denem izobra\u017eevanju so na\u0161i \u010dlani pridobili pomembna znanja in ve\u0161\u010dine, ki bodo pripomogla k ve\u010dji usklajenosti in pripravljenosti na\u0161ih gasilskih enot.<\/p>\n\n\n\n<p>Ponosi smo, da imamo v na\u0161ih vrstah nove bolni\u010darje, ki bodo s svojim znanjem in izku\u0161njami \u0161e dodatno okrepili na\u0161o ekipo. \u010cestitamo vsem udele\u017eencem te\u010daja!<\/p>\n\n\n\n<figure class=\"wp-block-image size-large\"><a href=\"https:\/\/gzcerknica.si\/wp-content\/uploads\/2025\/01\/IMG-508b7a5ecef6768bdb5e8251a4a4c9ec-V.jpg\"><img loading=\"lazy\" decoding=\"async\" width=\"1024\" height=\"768\" src=\"https:\/\/gzcerknica.si\/wp-content\/uploads\/2025\/01\/IMG-508b7a5ecef6768bdb5e8251a4a4c9ec-V-1024x768.jpg\" alt=\"\" class=\"wp-image-664\" srcset=\"https:\/\/gzcerknica.si\/wp-content\/uploads\/2025\/01\/IMG-508b7a5ecef6768bdb5e8251a4a4c9ec-V-1024x768.jpg 1024w, https:\/\/gzcerknica.si\/wp-content\/uploads\/2025\/01\/IMG-508b7a5ecef6768bdb5e8251a4a4c9ec-V-300x225.jpg 300w, https:\/\/gzcerknica.si\/wp-content\/uploads\/2025\/01\/IMG-508b7a5ecef6768bdb5e8251a4a4c9ec-V-768x576.jpg 768w, https:\/\/gzcerknica.si\/wp-content\/uploads\/2025\/01\/IMG-508b7a5ecef6768bdb5e8251a4a4c9ec-V-1536x1152.jpg 1536w, https:\/\/gzcerknica.si\/wp-content\/uploads\/2025\/01\/IMG-508b7a5ecef6768bdb5e8251a4a4c9ec-V.jpg 1600w\" sizes=\"auto, (max-width: 1024px) 100vw, 1024px\" \/><\/a><figcaption class=\"wp-element-caption\"><em>Foto: Petri\u010d M. <\/em><\/figcaption><\/figure>\n\n\n\n<p><\/p>\n","protected":false},"excerpt":{"rendered":"<p>Ta vikend se je zaklju\u010dil 45-urni te\u010daj za bolni\u010darja, katerega so se udele\u017eili \u010dlani PGD-jev v okviru GZ Cerknica. Po uspe\u0161no zaklju\u010denem izobra\u017eevanju so na\u0161i \u010dlani pridobili pomembna znanja in ve\u0161\u010dine, ki bodo pripomogla k ve\u010dji usklajenosti in pripravljenosti na\u0161ih gasilskih enot. Ponosi smo, da imamo v na\u0161ih vrstah nove bolni\u010darje, ki bodo s svojim [&hellip;]<\/p>\n","protected":false},"author":2,"featured_media":664,"comment_status":"closed","ping_status":"closed","sticky":false,"template":"","format":"standard","meta":{"footnotes":""},"categories":[1],"tags":[],"class_list":["post-663","post","type-post","status-publish","format-standard","has-post-thumbnail","hentry","category-novice"],"_links":{"self":[{"href":"https:\/\/gzcerknica.si\/index.php?rest_route=\/wp\/v2\/posts\/663","targetHints":{"allow":["GET"]}}],"collection":[{"href":"https:\/\/gzcerknica.si\/index.php?rest_route=\/wp\/v2\/posts"}],"about":[{"href":"https:\/\/gzcerknica.si\/index.php?rest_route=\/wp\/v2\/types\/post"}],"author":[{"embeddable":true,"href":"https:\/\/gzcerknica.si\/index.php?rest_route=\/wp\/v2\/users\/2"}],"replies":[{"embeddable":true,"href":"https:\/\/gzcerknica.si\/index.php?rest_route=%2Fwp%2Fv2%2Fcomments&post=663"}],"version-history":[{"count":1,"href":"https:\/\/gzcerknica.si\/index.php?rest_route=\/wp\/v2\/posts\/663\/revisions"}],"predecessor-version":[{"id":665,"href":"https:\/\/gzcerknica.si\/index.php?rest_route=\/wp\/v2\/posts\/663\/revisions\/665"}],"wp:featuredmedia":[{"embeddable":true,"href":"https:\/\/gzcerknica.si\/index.php?rest_route=\/wp\/v2\/media\/664"}],"wp:attachment":[{"href":"https:\/\/gzcerknica.si\/index.php?rest_route=%2Fwp%2Fv2%2Fmedia&parent=663"}],"wp:term":[{"taxonomy":"category","embeddable":true,"href":"https:\/\/gzcerknica.si\/index.php?rest_route=%2Fwp%2Fv2%2Fcategories&post=663"},{"taxonomy":"post_tag","embeddable":true,"href":"https:\/\/gzcerknica.si\/index.php?rest_route=%2Fwp%2Fv2%2Ftags&post=663"}],"curies":[{"name":"wp","href":"https:\/\/api.w.org\/{rel}","templated":true}]}}