{"id":2747,"date":"2026-09-01T18:15:09","date_gmt":"2026-09-01T17:15:09","guid":{"rendered":"https:\/\/gzcerknica.si\/?p=2747"},"modified":"2026-09-01T18:27:53","modified_gmt":"2026-09-01T17:27:53","slug":"srecanje-veteranov-2026","status":"publish","type":"post","link":"https:\/\/gzcerknica.si\/?p=2747","title":{"rendered":"Sre\u010danje veteranov 2026"},"content":{"rendered":"\n<p class=\"wp-block-paragraph\"><br>V Gorenjem Jezeru je potekalo prijetno in dru\u017eabno\u00a0<strong>sre\u010danje gasilskih veteranov<\/strong>, ki je povezalo starej\u0161e gasilce, ter goste iz okoli\u0161kih gasilskih zvez.<\/p>\n\n\n\n<p class=\"wp-block-paragraph\">Udele\u017eence je v uvodu pozdravil&nbsp;<strong>Anej Andrej\u010di\u010d, predsednik PGD Gorenje Jezero<\/strong>, ki je veteranom za\u017eelel prijetno dru\u017eenje.<\/p>\n\n\n\n<p class=\"wp-block-paragraph\">Nato je zbrane nagovorila&nbsp;<strong>Ksenija Pre\u017eelj, vodja veteranov GZ Cerknica<\/strong>. V svojem nagovoru je izpostavila pomen povezovanja veteranov in dru\u017eenj, na katerih se lahko sre\u010dajo stari prijatelji, obudijo spomini na skupne gasilske dogodke ter izmenjajo izku\u0161nje.<\/p>\n\n\n\n<p class=\"wp-block-paragraph\">Veteranom je nekaj besed namenil tudi&nbsp;<strong>Klemen Purkart, poveljnik GZ Cerknica<\/strong>.<\/p>\n\n\n\n<p class=\"wp-block-paragraph\">Sre\u010danja se je udele\u017eil tudi\u00a0<strong>Franjo Bukovec, \u010dlan UO Gasilske zveze Slovenije<\/strong> in predsednik Notranjske regije, ki je s svojo prisotnostjo \u0161e dodatno poudaril pomen sre\u010danja in povezovanja gasilskih veteranov. Izpostavil je pomembno vlogo veteranov pri razvoju gasilstva in njihovem prenosu znanja ter vrednot na mlaj\u0161e rodove.<\/p>\n\n\n\n<p class=\"wp-block-paragraph\">Posebno vrednost dogodku so dali tudi gostje iz drugih gasilskih zvez. Med udele\u017eenci so bili predstavniki&nbsp;<strong>GZ Vrhnika, GZ Logatec in GZ Lo\u0161ka dolina<\/strong>, s katerimi veterane GZ Cerknica povezujejo dolgoletno sodelovanje, prijateljstvo in skupna gasilska pot.<\/p>\n\n\n\n<p class=\"wp-block-paragraph\">Po uradnem delu je sledilo dru\u017eenje v spro\u0161\u010denem vzdu\u0161ju. Ob prijetnem klepetu in obujanju spominov je bilo mogo\u010de za\u010dutiti, da gasilstvo ni zgolj slu\u017eba ali prostovoljna dejavnost, temve\u010d predvsem&nbsp;<strong>skupnost ljudi, ki jih povezujejo solidarnost, prijateljstvo in pripravljenost pomagati drugim<\/strong>.<\/p>\n\n\n\n<p class=\"wp-block-paragraph\">Sre\u010danje v Gorenjem Jezeru je tako minilo v znamenju dobre volje, spominov in prijateljstva. Tak\u0161ni dogodki so pomembni, saj ohranjajo povezanost med gasilskimi generacijami ter skrbijo, da bogata tradicija in izku\u0161nje veteranov ostajajo del gasilske prihodnosti.<\/p>\n\n\n\n<p class=\"wp-block-paragraph\">Organizatorjem iz&nbsp;<strong>PGD Gorenje Jezero<\/strong>&nbsp;gre zahvala za gostoljubje in uspe\u0161no izvedeno sre\u010danje, vsem udele\u017eencem pa za prijetno dru\u017eenje. Naj se tak\u0161na sre\u010danja nadaljujejo tudi v prihodnje!<\/p>\n\n\n\n<p class=\"wp-block-paragraph\"><\/p>\n","protected":false},"excerpt":{"rendered":"<p>V Gorenjem Jezeru je potekalo prijetno in dru\u017eabno\u00a0sre\u010danje gasilskih veteranov, ki je povezalo starej\u0161e gasilce, ter goste iz okoli\u0161kih gasilskih zvez. Udele\u017eence je v uvodu pozdravil&nbsp;Anej Andrej\u010di\u010d, predsednik PGD Gorenje Jezero, ki je veteranom za\u017eelel prijetno dru\u017eenje. Nato je zbrane nagovorila&nbsp;Ksenija Pre\u017eelj, vodja veteranov GZ Cerknica. V svojem nagovoru je izpostavila pomen povezovanja veteranov in [&hellip;]<\/p>\n","protected":false},"author":13,"featured_media":2748,"comment_status":"closed","ping_status":"closed","sticky":false,"template":"","format":"standard","meta":{"footnotes":""},"categories":[1],"tags":[],"class_list":["post-2747","post","type-post","status-publish","format-standard","has-post-thumbnail","hentry","category-novice"],"_links":{"self":[{"href":"https:\/\/gzcerknica.si\/index.php?rest_route=\/wp\/v2\/posts\/2747","targetHints":{"allow":["GET"]}}],"collection":[{"href":"https:\/\/gzcerknica.si\/index.php?rest_route=\/wp\/v2\/posts"}],"about":[{"href":"https:\/\/gzcerknica.si\/index.php?rest_route=\/wp\/v2\/types\/post"}],"author":[{"embeddable":true,"href":"https:\/\/gzcerknica.si\/index.php?rest_route=\/wp\/v2\/users\/13"}],"replies":[{"embeddable":true,"href":"https:\/\/gzcerknica.si\/index.php?rest_route=%2Fwp%2Fv2%2Fcomments&post=2747"}],"version-history":[{"count":2,"href":"https:\/\/gzcerknica.si\/index.php?rest_route=\/wp\/v2\/posts\/2747\/revisions"}],"predecessor-version":[{"id":2750,"href":"https:\/\/gzcerknica.si\/index.php?rest_route=\/wp\/v2\/posts\/2747\/revisions\/2750"}],"wp:featuredmedia":[{"embeddable":true,"href":"https:\/\/gzcerknica.si\/index.php?rest_route=\/wp\/v2\/media\/2748"}],"wp:attachment":[{"href":"https:\/\/gzcerknica.si\/index.php?rest_route=%2Fwp%2Fv2%2Fmedia&parent=2747"}],"wp:term":[{"taxonomy":"category","embeddable":true,"href":"https:\/\/gzcerknica.si\/index.php?rest_route=%2Fwp%2Fv2%2Fcategories&post=2747"},{"taxonomy":"post_tag","embeddable":true,"href":"https:\/\/gzcerknica.si\/index.php?rest_route=%2Fwp%2Fv2%2Ftags&post=2747"}],"curies":[{"name":"wp","href":"https:\/\/api.w.org\/{rel}","templated":true}]}}